{"SystemName":"homepagetext","IncludeInSitemap":false,"IsPasswordProtected":false,"Password":null,"Title":null,"Body":"\r\n    \r\n    \r\n    \r\n    \r\n    \r\n    \r\n    \r\n    \r\n    \r\n    \r\n    \r\n    \r\n    \r\n    \r\n    \r\n    \r\n    \r\n    \r\n    \r\n    \r\n    \r\n    \r\n    \r\n    \r\n    \u003Ch1 style=\u0022text-align: center;\u0022\u003E\u003Cspan style=\u0022font-family: \u0026quot;Segoe UI\u0026quot;, sans-serif;\u0022\u003E\u003Cfont color=\u0022#17a2b8\u0022\u003E\u003Cspan style=\u0022font-weight: bolder;\u0022\u003EGRAF CARELLO \u2013 QUALIT\u00C4T AUS \u00D6STERREICH SEIT \u00DCBER 40 JAHREN\u003C/span\u003E\u003C/font\u003E\u003C/span\u003E\u003C/h1\u003E\u003Ch3 style=\u0022text-align: center;\u0022\u003E\u003Cspan style=\u0022font-weight: bolder;\u0022\u003E\u003Cspan style=\u0022font-family: \u0026quot;Segoe UI\u0026quot;, sans-serif;\u0022\u003E\u003Cfont color=\u0022#17a2b8\u0022\u003E\u003Cbr\u003E\u003C/font\u003E\u003C/span\u003E\u003C/span\u003E\u003C/h3\u003E\u003Ch2 style=\u0022text-align: center;\u0022\u003E\u003Cspan style=\u0022font-weight: bolder;\u0022\u003E\u003Cspan style=\u0022font-family: \u0026quot;Segoe UI\u0026quot;, sans-serif; font-weight: normal;\u0022\u003E\u003Ca href=\u0022https://shop.graf-carello.com/contactus\u0022 target=\u0022_blank\u0022\u003EKontaktieren Sie uns\u003C/a\u003E\u0026nbsp;\u2013 wir beraten Sie gerne kostenlos!\u003C/span\u003E\u003C/span\u003E\u003C/h2\u003E\u003Ch1 style=\u0022text-align: center;\u0022\u003E\u003Cp style=\u0022font-size: 14px;\u0022\u003E\u003Cspan style=\u0022font-family: \u0026quot;Segoe UI\u0026quot;, sans-serif;\u0022\u003EHaben Sie Fragen, W\u00FCnsche oder ben\u00F6tigen Sie weitere Informationen zu unseren Produkten? M\u00F6chten Sie einen Termin f\u00FCr eine Produktpr\u00E4sentation vereinbaren oder ein Angebot bzw. Prospekt anfordern? Wir sind f\u00FCr Sie da. Wenden Sie sich direkt an uns, und wir helfen Ihnen gerne weiter.\u003Co:p\u003E\u003C/o:p\u003E\u003C/span\u003E\u003C/p\u003E\u003C/h1\u003E\u003Ch1 style=\u0022text-align: center;\u0022\u003E\u003Cfont color=\u0022#17a2b8\u0022\u003E\u003Cspan style=\u0022font-weight: bolder;\u0022\u003E03385 82820\u003C/span\u003E\u003C/font\u003E\u003C/h1\u003E\u003Ch2 style=\u0022text-align: center;\u0022\u003E\u003Cfont color=\u0022#17a2b8\u0022\u003E\u003Cspan style=\u0022font-weight: bolder;\u0022\u003E\u003Cbr\u003E\u003C/span\u003E\u003C/font\u003E\u003C/h2\u003E\u003Ch2 style=\u0022text-align: center;\u0022\u003E\u003Ca href=\u0022https://acrobat.adobe.com/id/urn:aaid:sc:EU:516e7e71-79e2-409a-a033-aab158c454e9\u0022 target=\u0022_blank\u0022\u003E\u003Cu\u003E\u003Cfont color=\u0022#07515e\u0022\u003EKlicken Sie hier, um unser Prospekt herunterzuladen.\u003C/font\u003E\u003C/u\u003E\u003C/a\u003E\u003C/h2\u003E\u003Ch1 style=\u0022text-align: center;\u0022\u003E\u003Cdiv style=\u0022font-size: 14px;\u0022\u003E\u003Cbr\u003E\u003C/div\u003E\u003Cdiv style=\u0022font-size: 14px;\u0022\u003E\u003Cbr\u003E\u003C/div\u003E\u003C/h1\u003E\u003Ch4 style=\u0022text-align: center;\u0022\u003E\u003Cfont color=\u0022#000000\u0022\u003EHaben Sie Fragen oder ben\u00F6tigen Sie eine Beratung?\u003Cbr\u003EUnser freundliches und kompetentes Team steht Ihnen jederzeit zur Verf\u00FCgung.\u003Cbr\u003EGraf Carello \u2013 Sicherheit und Komfort im Bad erleben!\u003C/font\u003E\u003C/h4\u003E\u003Cp\u003E\u003C/p\u003E\u003Ch1 style=\u0022text-align: center;\u0022\u003E\u003C/h1\u003E\r\n\r\n\r\n\r\n\r\n\r\n\r\n\r\n\r\n\r\n\r\n\r\n\r\n\r\n\r\n\r\n\r\n\r\n\r\n\r\n\r\n\r\n","MetaKeywords":"Badehilfe, Badband, Juwel, Band zum baden, Badekissen, Mangar, Badelift, Badehilfe Senioren, Dietz, Kanjo,","MetaDescription":"Badehilfen f\u00FCr Senioren \u2013 Sicherheit und Komfort im Badezimmer\r\nDas Badezimmer sollte ein Ort der Entspannung und Sicherheit sein \u2013 gerade f\u00FCr Senioren. Mit zunehmendem Alter k\u00F6nnen jedoch allt\u00E4gliche Abl\u00E4ufe, wie das Duschen oder Baden, zu einer Herausforderung werden. Unser Onlineshop bietet Ihnen hochwertige Badehilfen, die speziell darauf ausgelegt sind, Senioren und Menschen mit eingeschr\u00E4nkter Mobilit\u00E4t ein sicheres und komfortables Badeerlebnis zu erm\u00F6glichen.","MetaTitle":null,"SeName":"homepagetext","PageLayoutId":"62cba73d021168413cb99591","Published":true,"StartDate":"0001-01-01T00:00:00","EndDate":"0001-01-01T00:00:00","Id":"62cba73d021168413cb99597","UserFields":[]}