{"ParentCategoryId":"","Name":"Ersatzteile Badehilfen","Description":null,"BottomDescription":null,"MetaKeywords":null,"MetaDescription":null,"MetaTitle":null,"SeName":"ersatzteile-f\u00FCr-badehilfen","Flag":null,"FlagStyle":null,"Icon":null,"PictureModel":{"ImageUrl":null,"ThumbImageUrl":null,"FullSizeImageUrl":null,"Title":null,"AlternateText":null,"Style":null,"ExtraField":null,"Id":null,"UserFields":[]},"PagingFilteringContext":{"SpecificationFilter":{"Enabled":false,"AlreadyFilteredItems":[],"NotFilteredItems":[],"RemoveFilterUrl":null,"UserFields":[]},"AllowProductSorting":true,"AvailableSortOptions":[{"Disabled":false,"Group":null,"Selected":true,"Text":"Position","Value":"/ersatzteile-f%C3%BCr-badehilfen?orderby=0"},{"Disabled":false,"Group":null,"Selected":false,"Text":"Name: A to Z","Value":"/ersatzteile-f%C3%BCr-badehilfen?orderby=5"},{"Disabled":false,"Group":null,"Selected":false,"Text":"Name: Z to A","Value":"/ersatzteile-f%C3%BCr-badehilfen?orderby=6"},{"Disabled":false,"Group":null,"Selected":false,"Text":"Price: Low to High","Value":"/ersatzteile-f%C3%BCr-badehilfen?orderby=10"},{"Disabled":false,"Group":null,"Selected":false,"Text":"Price: High to Low","Value":"/ersatzteile-f%C3%BCr-badehilfen?orderby=11"},{"Disabled":false,"Group":null,"Selected":false,"Text":"Created on","Value":"/ersatzteile-f%C3%BCr-badehilfen?orderby=15"},{"Disabled":false,"Group":null,"Selected":false,"Text":"Best Sellers","Value":"/ersatzteile-f%C3%BCr-badehilfen?orderby=20"},{"Disabled":false,"Group":null,"Selected":false,"Text":"Most Viewed","Value":"/ersatzteile-f%C3%BCr-badehilfen?orderby=25"},{"Disabled":false,"Group":null,"Selected":false,"Text":"On Sale","Value":"/ersatzteile-f%C3%BCr-badehilfen?orderby=30"},{"Disabled":false,"Group":null,"Selected":false,"Text":"Rating","Value":"/ersatzteile-f%C3%BCr-badehilfen?orderby=40"}],"AllowProductViewModeChanging":true,"AvailableViewModes":[{"Disabled":false,"Group":null,"Selected":true,"Text":"Tabelle","Value":"/ersatzteile-f%C3%BCr-badehilfen?viewmode=grid"},{"Disabled":false,"Group":null,"Selected":false,"Text":"Liste","Value":"/ersatzteile-f%C3%BCr-badehilfen?viewmode=list"}],"AllowCustomersToSelectPageSize":true,"PageSizeOptions":[{"Disabled":false,"Group":null,"Selected":true,"Text":"12","Value":"/ersatzteile-f%C3%BCr-badehilfen?pagesize=12"}],"OrderBy":0,"Rating":null,"RatingOptions":[],"ViewMode":"grid","FirstItem":1,"HasNextPage":false,"HasPreviousPage":false,"LastItem":12,"PageIndex":0,"PageNumber":1,"PageSize":12,"TotalItems":12,"TotalPages":1},"DisplayCategoryBreadcrumb":true,"CategoryBreadcrumb":[{"ParentCategoryId":null,"Name":"Ersatzteile Badehilfen","Description":null,"BottomDescription":null,"MetaKeywords":null,"MetaDescription":null,"MetaTitle":null,"SeName":"ersatzteile-f\u00FCr-badehilfen","Flag":null,"FlagStyle":null,"Icon":null,"PictureModel":{"ImageUrl":null,"ThumbImageUrl":null,"FullSizeImageUrl":null,"Title":null,"AlternateText":null,"Style":null,"ExtraField":null,"Id":null,"UserFields":[]},"PagingFilteringContext":{"SpecificationFilter":{"Enabled":false,"AlreadyFilteredItems":[],"NotFilteredItems":[],"RemoveFilterUrl":null,"UserFields":[]},"AllowProductSorting":false,"AvailableSortOptions":[],"AllowProductViewModeChanging":false,"AvailableViewModes":[],"AllowCustomersToSelectPageSize":false,"PageSizeOptions":[],"OrderBy":null,"Rating":null,"RatingOptions":[],"ViewMode":null,"FirstItem":0,"HasNextPage":false,"HasPreviousPage":false,"LastItem":0,"PageIndex":0,"PageNumber":0,"PageSize":0,"TotalItems":0,"TotalPages":0},"DisplayCategoryBreadcrumb":false,"CategoryBreadcrumb":[],"SubCategories":[],"FeaturedProducts":[],"Products":[],"Id":"671795df2e61f74220835a05","UserFields":[]}],"SubCategories":[],"FeaturedProducts":[],"Products":[{"Name":"Kompressor f\u00FCr Carello Badekissen","ShortDescription":"Airflo 12\r\n(mit Handbedienung und Ladeger\u00E4t)","FullDescription":"\u003Ch2 style=\u0022text-align: left;\u0022\u003E\u003Cfont color=\u0022#17a2b8\u0022\u003EHAUPTMERKMALE\u003C/font\u003E\u003C/h2\u003E\u003Cp style=\u0022text-align: center;\u0022\u003E\u003Cbr\u003E\u003C/p\u003E\u003Cdiv\u003EGeringes Gewicht von nur 3,7 kg\u003C/div\u003E\u003Cdiv\u003E\u003Cbr\u003E\u003C/div\u003E\u003Cdiv\u003EErgonomisch gestalteter Handgriff und ausbalancierter Tragekomfort\u003C/div\u003E\u003Cdiv\u003E\u003Cbr\u003E\u003C/div\u003E\u003Cdiv\u003EBatterieversion, Netzadapter im Zubeh\u00F6r gegen Aufpreis erh\u00E4ltlich\u003C/div\u003E\u003Cdiv\u003E\u003Cbr\u003E\u003C/div\u003E\u003Cdiv\u003EEinfacher \u00DCberblick \u00FCber den Ladezustand der Batterie mit Hilfe der Batteriekapazit\u00E4tsanzeige\u003C/div\u003E\u003Cdiv\u003E\u003Cbr\u003E\u003C/div\u003E\u003Cdiv\u003EIntegrierte \u0027Auf/Ab\u0027-Steuertasten\u003C/div\u003E\u003Cdiv\u003E\u003Cbr\u003E\u003C/div\u003E\u003Cdiv\u003EInklusive Handsteuerung mit Kippschalter und Ladeger\u00E4t f\u00FCr Batterie\u003C/div\u003E\r\n","SeName":"kompressor-airflo-12","Url":"/kompressor-airflo-12","ProductType":0,"MarkAsNew":false,"Sku":null,"Flag":null,"Gtin":null,"Mpn":null,"BrandName":"","IsFreeShipping":false,"ShowSku":false,"ShowQty":false,"LowStock":false,"EndTime":null,"EndTimeLocalTime":null,"TaxDisplayType":0,"Interval":0,"IntervalUnitId":0,"ProductPrice":{"OldPrice":null,"OldPriceValue":0,"CatalogPrice":null,"Price":"\u20AC709,25","CallForPrice":false,"PriceValue":709.25,"PriceIncludesTax":false,"StartPrice":null,"StartPriceValue":0,"HighestBid":null,"HighestBidValue":0,"BasePricePAngV":null,"DisableBuyButton":false,"DisableWishlistButton":false,"DisableAddToCompareListButton":false,"AvailableForPreOrder":false,"PreOrderDateTimeUtc":null,"ForceRedirectionAfterAddingToCart":false,"AppliedDiscounts":[],"PreferredTierPrice":null,"UserFields":[]},"DefaultPictureModel":{"ImageUrl":"/assets/images/thumbs/671896f62e61f74220838f68_kompressor-fr-carello-badekissen_415.jpeg","ThumbImageUrl":null,"FullSizeImageUrl":"/assets/images/thumbs/671896f62e61f74220838f68_kompressor-fr-carello-badekissen.jpeg","Title":"Kompressor f\u00FCr Carello Badekissen","AlternateText":"Kompressor f\u00FCr Carello Badekissen","Style":null,"ExtraField":null,"Id":"671896f62e61f74220838f68","UserFields":[]},"SecondPictureModel":{"ImageUrl":"/assets/images/thumbs/6717ae2e2e61f74220836c94_kompressor-fr-carello-badekissen_415.jpeg","ThumbImageUrl":null,"FullSizeImageUrl":"/assets/images/thumbs/6717ae2e2e61f74220836c94_kompressor-fr-carello-badekissen.jpeg","Title":"Kompressor f\u00FCr Carello Badekissen","AlternateText":"Kompressor f\u00FCr Carello Badekissen","Style":null,"ExtraField":null,"Id":"6717ae2e2e61f74220836c94","UserFields":[]},"SpecificationAttributeModels":[],"ProductAttributeModels":[],"ReviewOverviewModel":{"ProductId":"671797b92e61f74220835c64","RatingSum":0,"TotalReviews":0,"AvgRating":0,"AllowCustomerReviews":true,"UserFields":[]},"Id":"671797b92e61f74220835c64","UserFields":[]},{"Name":"Ersatzbatterie f\u00FCr Carello Badekissen","ShortDescription":"Airflo 12 Batterie 12V 2200mAh","FullDescription":"\r\n    \u003Cdiv class=\u0022flex max-w-full flex-col flex-grow\u0022\u003E\u003Cdiv data-message-author-role=\u0022assistant\u0022 data-message-id=\u00224701d020-e7cf-425c-ad70-6cd1de118378\u0022 dir=\u0022auto\u0022 class=\u0022min-h-8 text-message flex w-full flex-col items-end gap-2 whitespace-normal break-words [.text-message\u002B\u0026amp;]:mt-5\u0022 data-message-model-slug=\u0022gpt-4o\u0022\u003E\u003Cdiv class=\u0022flex w-full flex-col gap-1 empty:hidden first:pt-[3px]\u0022\u003E\u003Cdiv class=\u0022markdown prose w-full break-words dark:prose-invert dark\u0022\u003E\u003Cp\u003EDer Akku verf\u00FCgt \u00FCber 12 V und eine Kapazit\u00E4t von 2200 mAh. Dank einer praktischen Steckverbindung l\u00E4sst er sich schnell und unkompliziert austauschen.\u003C/p\u003E\u003C/div\u003E\u003C/div\u003E\u003C/div\u003E\u003C/div\u003E","SeName":"ersatzbatterie-f\u00FCr-airflo-12","Url":"/ersatzbatterie-f%C3%BCr-airflo-12","ProductType":0,"MarkAsNew":false,"Sku":null,"Flag":null,"Gtin":null,"Mpn":null,"BrandName":"","IsFreeShipping":false,"ShowSku":false,"ShowQty":false,"LowStock":false,"EndTime":null,"EndTimeLocalTime":null,"TaxDisplayType":0,"Interval":0,"IntervalUnitId":0,"ProductPrice":{"OldPrice":"\u20AC150,00","OldPriceValue":150,"CatalogPrice":null,"Price":"\u20AC116,48","CallForPrice":false,"PriceValue":116.48,"PriceIncludesTax":false,"StartPrice":null,"StartPriceValue":0,"HighestBid":null,"HighestBidValue":0,"BasePricePAngV":null,"DisableBuyButton":false,"DisableWishlistButton":false,"DisableAddToCompareListButton":false,"AvailableForPreOrder":false,"PreOrderDateTimeUtc":null,"ForceRedirectionAfterAddingToCart":false,"AppliedDiscounts":[],"PreferredTierPrice":null,"UserFields":[]},"DefaultPictureModel":{"ImageUrl":"/assets/images/thumbs/6719003f2e61f7422083a77e_ersatzbatterie-fr-carello-badekissen_415.png","ThumbImageUrl":null,"FullSizeImageUrl":"/assets/images/thumbs/6719003f2e61f7422083a77e_ersatzbatterie-fr-carello-badekissen.png","Title":"Ersatzbatterie f\u00FCr Carello Badekissen","AlternateText":"Ersatzbatterie f\u00FCr Carello Badekissen","Style":null,"ExtraField":null,"Id":"6719003f2e61f7422083a77e","UserFields":[]},"SecondPictureModel":{"ImageUrl":null,"ThumbImageUrl":null,"FullSizeImageUrl":null,"Title":null,"AlternateText":null,"Style":null,"ExtraField":null,"Id":null,"UserFields":[]},"SpecificationAttributeModels":[],"ProductAttributeModels":[],"ReviewOverviewModel":{"ProductId":"671900332e61f7422083a6e6","RatingSum":0,"TotalReviews":0,"AvgRating":0,"AllowCustomerReviews":true,"UserFields":[]},"Id":"671900332e61f7422083a6e6","UserFields":[]},{"Name":"Sitz- und R\u00FCckenbezug in Aquamarin","ShortDescription":"f\u00FCr Carello Badelift\r\n(Passend f\u00FCr KANJO Badelifter)","FullDescription":"\u003Cp\u003E\r\n    (antibakteriell, vollfl\u00E4chig mit Stopfen)\u003C/p\u003E\u003Cp\u003E\u003Cspan style=\u0022font-weight: bolder;\u0022\u003EWichtiger Hinweis:\u003C/span\u003E\u003Cbr\u003EDieser Artikel enth\u00E4lt\u0026nbsp;\u003Cspan style=\u0022font-weight: bolder;\u0022\u003Enur den Sitz- und R\u00FCckenbezug\u003C/span\u003E\u0026nbsp;\u2013 der \u003Cspan style=\u0022font-weight: bolder;\u0022\u003EBadelift\u003C/span\u003E\u0026nbsp;ist\u0026nbsp;\u003Cspan style=\u0022font-weight: bolder;\u0022\u003Enicht\u003C/span\u003E\u0026nbsp;enthalten.\u003C/p\u003E\u003Cp\u003E\r\n    \r\n\r\n\u003C/p\u003E","SeName":"ersatz-f\u00FCr-sitz-und-r\u00FCckenbezug-in-aquamarin","Url":"/ersatz-f%C3%BCr-sitz-und-r%C3%BCckenbezug-in-aquamarin","ProductType":0,"MarkAsNew":false,"Sku":null,"Flag":null,"Gtin":null,"Mpn":null,"BrandName":"","IsFreeShipping":false,"ShowSku":false,"ShowQty":false,"LowStock":false,"EndTime":null,"EndTimeLocalTime":null,"TaxDisplayType":0,"Interval":0,"IntervalUnitId":0,"ProductPrice":{"OldPrice":null,"OldPriceValue":0,"CatalogPrice":null,"Price":"\u20AC107,45","CallForPrice":false,"PriceValue":107.45,"PriceIncludesTax":false,"StartPrice":null,"StartPriceValue":0,"HighestBid":null,"HighestBidValue":0,"BasePricePAngV":null,"DisableBuyButton":false,"DisableWishlistButton":false,"DisableAddToCompareListButton":false,"AvailableForPreOrder":false,"PreOrderDateTimeUtc":null,"ForceRedirectionAfterAddingToCart":false,"AppliedDiscounts":[],"PreferredTierPrice":null,"UserFields":[]},"DefaultPictureModel":{"ImageUrl":"/assets/images/thumbs/671a16662e61f7422083ee0e_sitz-und-rckenbezug-in-aquamarin_415.png","ThumbImageUrl":null,"FullSizeImageUrl":"/assets/images/thumbs/671a16662e61f7422083ee0e_sitz-und-rckenbezug-in-aquamarin.png","Title":"Sitz- und R\u00FCckenbezug in Aquamarin","AlternateText":"Sitz- und R\u00FCckenbezug in Aquamarin","Style":null,"ExtraField":null,"Id":"671a16662e61f7422083ee0e","UserFields":[]},"SecondPictureModel":{"ImageUrl":null,"ThumbImageUrl":null,"FullSizeImageUrl":null,"Title":null,"AlternateText":null,"Style":null,"ExtraField":null,"Id":null,"UserFields":[]},"SpecificationAttributeModels":[],"ProductAttributeModels":[],"ReviewOverviewModel":{"ProductId":"6719e94f2e61f7422083db88","RatingSum":0,"TotalReviews":0,"AvgRating":0,"AllowCustomerReviews":true,"UserFields":[]},"Id":"6719e94f2e61f7422083db88","UserFields":[]},{"Name":"Ladeger\u00E4t f\u00FCr Carello Badeband","ShortDescription":null,"FullDescription":null,"SeName":"ladeger\u00E4t-f\u00FCr-carello-badeband","Url":"/ladeger%C3%A4t-f%C3%BCr-carello-badeband","ProductType":0,"MarkAsNew":false,"Sku":null,"Flag":null,"Gtin":null,"Mpn":null,"BrandName":"","IsFreeShipping":false,"ShowSku":false,"ShowQty":false,"LowStock":false,"EndTime":null,"EndTimeLocalTime":null,"TaxDisplayType":0,"Interval":0,"IntervalUnitId":0,"ProductPrice":{"OldPrice":null,"OldPriceValue":0,"CatalogPrice":null,"Price":"\u20AC224,64","CallForPrice":false,"PriceValue":224.64,"PriceIncludesTax":false,"StartPrice":null,"StartPriceValue":0,"HighestBid":null,"HighestBidValue":0,"BasePricePAngV":null,"DisableBuyButton":false,"DisableWishlistButton":false,"DisableAddToCompareListButton":false,"AvailableForPreOrder":false,"PreOrderDateTimeUtc":null,"ForceRedirectionAfterAddingToCart":false,"AppliedDiscounts":[],"PreferredTierPrice":null,"UserFields":[]},"DefaultPictureModel":{"ImageUrl":"/assets/images/thumbs/671a4adb2e61f742208414eb_ladegert-fr-carello-badeband_415.png","ThumbImageUrl":null,"FullSizeImageUrl":"/assets/images/thumbs/671a4adb2e61f742208414eb_ladegert-fr-carello-badeband.png","Title":"Ladeger\u00E4t f\u00FCr Carello Badeband","AlternateText":"Ladeger\u00E4t f\u00FCr Carello Badeband","Style":null,"ExtraField":null,"Id":"671a4adb2e61f742208414eb","UserFields":[]},"SecondPictureModel":{"ImageUrl":null,"ThumbImageUrl":null,"FullSizeImageUrl":null,"Title":null,"AlternateText":null,"Style":null,"ExtraField":null,"Id":null,"UserFields":[]},"SpecificationAttributeModels":[],"ProductAttributeModels":[],"ReviewOverviewModel":{"ProductId":"671a44d72e61f74220840b8d","RatingSum":0,"TotalReviews":0,"AvgRating":0,"AllowCustomerReviews":true,"UserFields":[]},"Id":"671a44d72e61f74220840b8d","UserFields":[]},{"Name":"Handsteuerung f\u00FCr Carello Badekissen","ShortDescription":"Airflo 12","FullDescription":null,"SeName":"handbedienung-f\u00FCr-airflo-12","Url":"/handbedienung-f%C3%BCr-airflo-12","ProductType":0,"MarkAsNew":false,"Sku":null,"Flag":null,"Gtin":null,"Mpn":null,"BrandName":"","IsFreeShipping":false,"ShowSku":false,"ShowQty":false,"LowStock":false,"EndTime":null,"EndTimeLocalTime":null,"TaxDisplayType":0,"Interval":0,"IntervalUnitId":0,"ProductPrice":{"OldPrice":null,"OldPriceValue":0,"CatalogPrice":null,"Price":"\u20AC52,89","CallForPrice":false,"PriceValue":52.89,"PriceIncludesTax":false,"StartPrice":null,"StartPriceValue":0,"HighestBid":null,"HighestBidValue":0,"BasePricePAngV":null,"DisableBuyButton":false,"DisableWishlistButton":false,"DisableAddToCompareListButton":false,"AvailableForPreOrder":false,"PreOrderDateTimeUtc":null,"ForceRedirectionAfterAddingToCart":false,"AppliedDiscounts":[],"PreferredTierPrice":null,"UserFields":[]},"DefaultPictureModel":{"ImageUrl":"/assets/images/thumbs/674d6eb4e85a164d702c6f0f_handsteuerung-fr-carello-badekissen_415.jpeg","ThumbImageUrl":null,"FullSizeImageUrl":"/assets/images/thumbs/674d6eb4e85a164d702c6f0f_handsteuerung-fr-carello-badekissen.jpeg","Title":"Handsteuerung f\u00FCr Carello Badekissen","AlternateText":"Handsteuerung f\u00FCr Carello Badekissen","Style":null,"ExtraField":null,"Id":"674d6eb4e85a164d702c6f0f","UserFields":[]},"SecondPictureModel":{"ImageUrl":null,"ThumbImageUrl":null,"FullSizeImageUrl":null,"Title":null,"AlternateText":null,"Style":null,"ExtraField":null,"Id":null,"UserFields":[]},"SpecificationAttributeModels":[],"ProductAttributeModels":[],"ReviewOverviewModel":{"ProductId":"671a4b772e61f74220841732","RatingSum":0,"TotalReviews":0,"AvgRating":0,"AllowCustomerReviews":true,"UserFields":[]},"Id":"671a4b772e61f74220841732","UserFields":[]},{"Name":"Ladeger\u00E4t f\u00FCr Carello Badekissen","ShortDescription":null,"FullDescription":"Ladeger\u00E4t f\u00FCr Airflo 12 Kompressor.\r\n","SeName":"airflo-12-ladeger\u00E4t","Url":"/airflo-12-ladeger%C3%A4t","ProductType":0,"MarkAsNew":false,"Sku":null,"Flag":null,"Gtin":null,"Mpn":null,"BrandName":"","IsFreeShipping":false,"ShowSku":false,"ShowQty":false,"LowStock":false,"EndTime":null,"EndTimeLocalTime":null,"TaxDisplayType":0,"Interval":0,"IntervalUnitId":0,"ProductPrice":{"OldPrice":"\u20AC85,00","OldPriceValue":85,"CatalogPrice":null,"Price":"\u20AC71,21","CallForPrice":false,"PriceValue":71.21,"PriceIncludesTax":false,"StartPrice":null,"StartPriceValue":0,"HighestBid":null,"HighestBidValue":0,"BasePricePAngV":null,"DisableBuyButton":false,"DisableWishlistButton":false,"DisableAddToCompareListButton":false,"AvailableForPreOrder":false,"PreOrderDateTimeUtc":null,"ForceRedirectionAfterAddingToCart":false,"AppliedDiscounts":[],"PreferredTierPrice":null,"UserFields":[]},"DefaultPictureModel":{"ImageUrl":"/assets/images/thumbs/67f63f512062d0f645f08ef4_ladegert-fr-carello-badekissen_415.png","ThumbImageUrl":null,"FullSizeImageUrl":"/assets/images/thumbs/67f63f512062d0f645f08ef4_ladegert-fr-carello-badekissen.png","Title":"Ladeger\u00E4t f\u00FCr Carello Badekissen","AlternateText":"Ladeger\u00E4t f\u00FCr Carello Badekissen","Style":null,"ExtraField":null,"Id":"67f63f512062d0f645f08ef4","UserFields":[]},"SecondPictureModel":{"ImageUrl":null,"ThumbImageUrl":null,"FullSizeImageUrl":null,"Title":null,"AlternateText":null,"Style":null,"ExtraField":null,"Id":null,"UserFields":[]},"SpecificationAttributeModels":[],"ProductAttributeModels":[],"ReviewOverviewModel":{"ProductId":"674d77eae85a164d702c72ca","RatingSum":0,"TotalReviews":0,"AvgRating":0,"AllowCustomerReviews":true,"UserFields":[]},"Id":"674d77eae85a164d702c72ca","UserFields":[]},{"Name":"Carello Ersatzkissen dunkelblau","ShortDescription":"passend f\u00FCr Kompressor Airflo 12","FullDescription":"\u003Cp\u003EKissen mit Schlauch und Steckverbindung - passend f\u00FCr Kompressor Airflo 12.\u003C/p\u003E\u003Cp\u003E\u003Cstrong\u003EWichtiger Hinweis:\u003C/strong\u003E\u003Cbr\u003EDieser Artikel enth\u00E4lt \u003Cstrong\u003Enur das Ersatzkissen\u003C/strong\u003E \u2013 der Kompressor \u003Cstrong\u003EAirflo 12\u003C/strong\u003E ist \u003Cstrong\u003Enicht\u003C/strong\u003E enthalten.\u003C/p\u003E","SeName":"ersatzkissen-dunkelblau","Url":"/ersatzkissen-dunkelblau","ProductType":0,"MarkAsNew":false,"Sku":null,"Flag":null,"Gtin":null,"Mpn":null,"BrandName":"","IsFreeShipping":false,"ShowSku":false,"ShowQty":false,"LowStock":false,"EndTime":null,"EndTimeLocalTime":null,"TaxDisplayType":0,"Interval":0,"IntervalUnitId":0,"ProductPrice":{"OldPrice":"\u20AC799,00","OldPriceValue":799,"CatalogPrice":null,"Price":"\u20AC709,25","CallForPrice":false,"PriceValue":709.25,"PriceIncludesTax":false,"StartPrice":null,"StartPriceValue":0,"HighestBid":null,"HighestBidValue":0,"BasePricePAngV":null,"DisableBuyButton":false,"DisableWishlistButton":false,"DisableAddToCompareListButton":false,"AvailableForPreOrder":false,"PreOrderDateTimeUtc":null,"ForceRedirectionAfterAddingToCart":false,"AppliedDiscounts":[],"PreferredTierPrice":null,"UserFields":[]},"DefaultPictureModel":{"ImageUrl":"/assets/images/thumbs/674dc9bae85a164d702c8dcb_carello-ersatzkissen-dunkelblau_415.jpeg","ThumbImageUrl":null,"FullSizeImageUrl":"/assets/images/thumbs/674dc9bae85a164d702c8dcb_carello-ersatzkissen-dunkelblau.jpeg","Title":"Carello Ersatzkissen dunkelblau","AlternateText":"Carello Ersatzkissen dunkelblau","Style":null,"ExtraField":null,"Id":"674dc9bae85a164d702c8dcb","UserFields":[]},"SecondPictureModel":{"ImageUrl":null,"ThumbImageUrl":null,"FullSizeImageUrl":null,"Title":null,"AlternateText":null,"Style":null,"ExtraField":null,"Id":null,"UserFields":[]},"SpecificationAttributeModels":[],"ProductAttributeModels":[],"ReviewOverviewModel":{"ProductId":"674dac69e85a164d702c84a0","RatingSum":0,"TotalReviews":0,"AvgRating":0,"AllowCustomerReviews":true,"UserFields":[]},"Id":"674dac69e85a164d702c84a0","UserFields":[]},{"Name":"Akkupack f\u00FCr Carello Badeband","ShortDescription":"Inkl. Geh\u00E4use und Akku\u00B4s","FullDescription":null,"SeName":"akkupack-f\u00FCr-badeband-juwel","Url":"/akkupack-f%C3%BCr-badeband-juwel","ProductType":0,"MarkAsNew":false,"Sku":null,"Flag":null,"Gtin":null,"Mpn":null,"BrandName":"","IsFreeShipping":false,"ShowSku":false,"ShowQty":false,"LowStock":false,"EndTime":null,"EndTimeLocalTime":null,"TaxDisplayType":0,"Interval":0,"IntervalUnitId":0,"ProductPrice":{"OldPrice":"\u20AC399,00","OldPriceValue":399,"CatalogPrice":null,"Price":"\u20AC346,73","CallForPrice":false,"PriceValue":346.73,"PriceIncludesTax":false,"StartPrice":null,"StartPriceValue":0,"HighestBid":null,"HighestBidValue":0,"BasePricePAngV":null,"DisableBuyButton":false,"DisableWishlistButton":false,"DisableAddToCompareListButton":false,"AvailableForPreOrder":false,"PreOrderDateTimeUtc":null,"ForceRedirectionAfterAddingToCart":false,"AppliedDiscounts":[],"PreferredTierPrice":null,"UserFields":[]},"DefaultPictureModel":{"ImageUrl":"/assets/images/thumbs/67603f93e85a164d702f42b9_akkupack-fr-carello-badeband_415.jpeg","ThumbImageUrl":null,"FullSizeImageUrl":"/assets/images/thumbs/67603f93e85a164d702f42b9_akkupack-fr-carello-badeband.jpeg","Title":"Akkupack f\u00FCr Carello Badeband","AlternateText":"Akkupack f\u00FCr Carello Badeband","Style":null,"ExtraField":null,"Id":"67603f93e85a164d702f42b9","UserFields":[]},"SecondPictureModel":{"ImageUrl":null,"ThumbImageUrl":null,"FullSizeImageUrl":null,"Title":null,"AlternateText":null,"Style":null,"ExtraField":null,"Id":null,"UserFields":[]},"SpecificationAttributeModels":[],"ProductAttributeModels":[],"ReviewOverviewModel":{"ProductId":"674ebc37e85a164d702cc551","RatingSum":0,"TotalReviews":0,"AvgRating":0,"AllowCustomerReviews":true,"UserFields":[]},"Id":"674ebc37e85a164d702cc551","UserFields":[]},{"Name":"Handsteuerung f\u00FCr Carello Badeband","ShortDescription":"Ersatz Handschalter f\u00FCr Juwel Badeband","FullDescription":"\u003Cspan style=\u0022box-sizing: border-box; color: rgb(33, 37, 41); font-family: -apple-system, BlinkMacSystemFont, \u0026quot;Segoe UI\u0026quot;, Roboto, \u0026quot;Helvetica Neue\u0026quot;, Arial, \u0026quot;Noto Sans\u0026quot;, \u0026quot;Liberation Sans\u0026quot;, sans-serif, \u0026quot;Apple Color Emoji\u0026quot;, \u0026quot;Segoe UI Emoji\u0026quot;, \u0026quot;Segoe UI Symbol\u0026quot;, \u0026quot;Noto Color Emoji\u0026quot;; font-size: 16px; font-weight: bolder;\u0022\u003EWichtiger Hinweis:\u003C/span\u003E\u003Cbr style=\u0022box-sizing: border-box; color: rgb(33, 37, 41); font-family: -apple-system, BlinkMacSystemFont, \u0026quot;Segoe UI\u0026quot;, Roboto, \u0026quot;Helvetica Neue\u0026quot;, Arial, \u0026quot;Noto Sans\u0026quot;, \u0026quot;Liberation Sans\u0026quot;, sans-serif, \u0026quot;Apple Color Emoji\u0026quot;, \u0026quot;Segoe UI Emoji\u0026quot;, \u0026quot;Segoe UI Symbol\u0026quot;, \u0026quot;Noto Color Emoji\u0026quot;; font-size: 16px;\u0022\u003E\u003Cspan style=\u0022color: rgb(33, 37, 41); font-family: -apple-system, BlinkMacSystemFont, \u0026quot;Segoe UI\u0026quot;, Roboto, \u0026quot;Helvetica Neue\u0026quot;, Arial, \u0026quot;Noto Sans\u0026quot;, \u0026quot;Liberation Sans\u0026quot;, sans-serif, \u0026quot;Apple Color Emoji\u0026quot;, \u0026quot;Segoe UI Emoji\u0026quot;, \u0026quot;Segoe UI Symbol\u0026quot;, \u0026quot;Noto Color Emoji\u0026quot;; font-size: 16px;\u0022\u003EDieser Artikel enth\u00E4lt\u0026nbsp;\u003C/span\u003E\u003Cspan style=\u0022box-sizing: border-box; color: rgb(33, 37, 41); font-family: -apple-system, BlinkMacSystemFont, \u0026quot;Segoe UI\u0026quot;, Roboto, \u0026quot;Helvetica Neue\u0026quot;, Arial, \u0026quot;Noto Sans\u0026quot;, \u0026quot;Liberation Sans\u0026quot;, sans-serif, \u0026quot;Apple Color Emoji\u0026quot;, \u0026quot;Segoe UI Emoji\u0026quot;, \u0026quot;Segoe UI Symbol\u0026quot;, \u0026quot;Noto Color Emoji\u0026quot;; font-size: 16px; font-weight: bolder;\u0022\u003Enur den Handschalter\u003C/span\u003E\u003Cspan style=\u0022color: rgb(33, 37, 41); font-family: -apple-system, BlinkMacSystemFont, \u0026quot;Segoe UI\u0026quot;, Roboto, \u0026quot;Helvetica Neue\u0026quot;, Arial, \u0026quot;Noto Sans\u0026quot;, \u0026quot;Liberation Sans\u0026quot;, sans-serif, \u0026quot;Apple Color Emoji\u0026quot;, \u0026quot;Segoe UI Emoji\u0026quot;, \u0026quot;Segoe UI Symbol\u0026quot;, \u0026quot;Noto Color Emoji\u0026quot;; font-size: 16px;\u0022\u003E\u0026nbsp;\u2013 das\u0026nbsp;\u003C/span\u003E\u003Cspan style=\u0022box-sizing: border-box; color: rgb(33, 37, 41); font-family: -apple-system, BlinkMacSystemFont, \u0026quot;Segoe UI\u0026quot;, Roboto, \u0026quot;Helvetica Neue\u0026quot;, Arial, \u0026quot;Noto Sans\u0026quot;, \u0026quot;Liberation Sans\u0026quot;, sans-serif, \u0026quot;Apple Color Emoji\u0026quot;, \u0026quot;Segoe UI Emoji\u0026quot;, \u0026quot;Segoe UI Symbol\u0026quot;, \u0026quot;Noto Color Emoji\u0026quot;; font-size: 16px; font-weight: bolder;\u0022\u003EBadeband\u003C/span\u003E\u003Cspan style=\u0022color: rgb(33, 37, 41); font-family: -apple-system, BlinkMacSystemFont, \u0026quot;Segoe UI\u0026quot;, Roboto, \u0026quot;Helvetica Neue\u0026quot;, Arial, \u0026quot;Noto Sans\u0026quot;, \u0026quot;Liberation Sans\u0026quot;, sans-serif, \u0026quot;Apple Color Emoji\u0026quot;, \u0026quot;Segoe UI Emoji\u0026quot;, \u0026quot;Segoe UI Symbol\u0026quot;, \u0026quot;Noto Color Emoji\u0026quot;; font-size: 16px;\u0022\u003E\u0026nbsp;ist\u0026nbsp;\u003C/span\u003E\u003Cspan style=\u0022box-sizing: border-box; color: rgb(33, 37, 41); font-family: -apple-system, BlinkMacSystemFont, \u0026quot;Segoe UI\u0026quot;, Roboto, \u0026quot;Helvetica Neue\u0026quot;, Arial, \u0026quot;Noto Sans\u0026quot;, \u0026quot;Liberation Sans\u0026quot;, sans-serif, \u0026quot;Apple Color Emoji\u0026quot;, \u0026quot;Segoe UI Emoji\u0026quot;, \u0026quot;Segoe UI Symbol\u0026quot;, \u0026quot;Noto Color Emoji\u0026quot;; font-size: 16px; font-weight: bolder;\u0022\u003Enicht\u003C/span\u003E\u003Cspan style=\u0022color: rgb(33, 37, 41); font-family: -apple-system, BlinkMacSystemFont, \u0026quot;Segoe UI\u0026quot;, Roboto, \u0026quot;Helvetica Neue\u0026quot;, Arial, \u0026quot;Noto Sans\u0026quot;, \u0026quot;Liberation Sans\u0026quot;, sans-serif, \u0026quot;Apple Color Emoji\u0026quot;, \u0026quot;Segoe UI Emoji\u0026quot;, \u0026quot;Segoe UI Symbol\u0026quot;, \u0026quot;Noto Color Emoji\u0026quot;; font-size: 16px;\u0022\u003E\u0026nbsp;enthalten.\u003C/span\u003E","SeName":"handschalter-f\u00FCr-juwel-badeband","Url":"/handschalter-f%C3%BCr-juwel-badeband","ProductType":0,"MarkAsNew":false,"Sku":null,"Flag":null,"Gtin":null,"Mpn":null,"BrandName":"","IsFreeShipping":false,"ShowSku":false,"ShowQty":false,"LowStock":false,"EndTime":null,"EndTimeLocalTime":null,"TaxDisplayType":0,"Interval":0,"IntervalUnitId":0,"ProductPrice":{"OldPrice":"\u20AC315,00","OldPriceValue":315,"CatalogPrice":null,"Price":"\u20AC291,70","CallForPrice":false,"PriceValue":291.7,"PriceIncludesTax":false,"StartPrice":null,"StartPriceValue":0,"HighestBid":null,"HighestBidValue":0,"BasePricePAngV":null,"DisableBuyButton":false,"DisableWishlistButton":false,"DisableAddToCompareListButton":false,"AvailableForPreOrder":false,"PreOrderDateTimeUtc":null,"ForceRedirectionAfterAddingToCart":false,"AppliedDiscounts":[],"PreferredTierPrice":null,"UserFields":[]},"DefaultPictureModel":{"ImageUrl":"/assets/images/thumbs/6760373de85a164d702f33b6_handsteuerung-fr-carello-badeband_415.jpeg","ThumbImageUrl":null,"FullSizeImageUrl":"/assets/images/thumbs/6760373de85a164d702f33b6_handsteuerung-fr-carello-badeband.jpeg","Title":"Handsteuerung f\u00FCr Carello Badeband","AlternateText":"Handsteuerung f\u00FCr Carello Badeband","Style":null,"ExtraField":null,"Id":"6760373de85a164d702f33b6","UserFields":[]},"SecondPictureModel":{"ImageUrl":null,"ThumbImageUrl":null,"FullSizeImageUrl":null,"Title":null,"AlternateText":null,"Style":null,"ExtraField":null,"Id":null,"UserFields":[]},"SpecificationAttributeModels":[],"ProductAttributeModels":[],"ReviewOverviewModel":{"ProductId":"674ec2dae85a164d702ccdc5","RatingSum":0,"TotalReviews":0,"AvgRating":0,"AllowCustomerReviews":true,"UserFields":[]},"Id":"674ec2dae85a164d702ccdc5","UserFields":[]},{"Name":"Ladeger\u00E4t f\u00FCr Carello Badelift","ShortDescription":"(Passend f\u00FCr KANJO Badelifter)","FullDescription":"Ladeger\u00E4t f\u00FCr Carello Badelift\r\n    \r\n","SeName":"ladeger\u00E4t-f\u00FCr-carello-badelift","Url":"/ladeger%C3%A4t-f%C3%BCr-carello-badelift","ProductType":0,"MarkAsNew":false,"Sku":null,"Flag":null,"Gtin":null,"Mpn":null,"BrandName":"","IsFreeShipping":false,"ShowSku":false,"ShowQty":false,"LowStock":false,"EndTime":null,"EndTimeLocalTime":null,"TaxDisplayType":0,"Interval":0,"IntervalUnitId":0,"ProductPrice":{"OldPrice":"\u20AC170,00","OldPriceValue":170,"CatalogPrice":null,"Price":"\u20AC162,49","CallForPrice":false,"PriceValue":162.49,"PriceIncludesTax":false,"StartPrice":null,"StartPriceValue":0,"HighestBid":null,"HighestBidValue":0,"BasePricePAngV":null,"DisableBuyButton":false,"DisableWishlistButton":false,"DisableAddToCompareListButton":false,"AvailableForPreOrder":false,"PreOrderDateTimeUtc":null,"ForceRedirectionAfterAddingToCart":false,"AppliedDiscounts":[],"PreferredTierPrice":null,"UserFields":[]},"DefaultPictureModel":{"ImageUrl":"/assets/images/thumbs/67603bf1e85a164d702f39ca_ladegert-fr-carello-badelift_415.jpeg","ThumbImageUrl":null,"FullSizeImageUrl":"/assets/images/thumbs/67603bf1e85a164d702f39ca_ladegert-fr-carello-badelift.jpeg","Title":"Ladeger\u00E4t f\u00FCr Carello Badelift","AlternateText":"Ladeger\u00E4t f\u00FCr Carello Badelift","Style":null,"ExtraField":null,"Id":"67603bf1e85a164d702f39ca","UserFields":[]},"SecondPictureModel":{"ImageUrl":null,"ThumbImageUrl":null,"FullSizeImageUrl":null,"Title":null,"AlternateText":null,"Style":null,"ExtraField":null,"Id":null,"UserFields":[]},"SpecificationAttributeModels":[],"ProductAttributeModels":[],"ReviewOverviewModel":{"ProductId":"674ec3aae85a164d702cd3ad","RatingSum":0,"TotalReviews":0,"AvgRating":0,"AllowCustomerReviews":true,"UserFields":[]},"Id":"674ec3aae85a164d702cd3ad","UserFields":[]},{"Name":"Handsteuerung f\u00FCr Carello Badelift","ShortDescription":"Handsteuerung Power f\u00FCr Carello Badelift\r\n(Passend f\u00FCr KANJO Badelifter)","FullDescription":"\u003Cbr\u003E","SeName":"handsteuerung-f\u00FCr-carello-badelift","Url":"/handsteuerung-f%C3%BCr-carello-badelift","ProductType":0,"MarkAsNew":false,"Sku":null,"Flag":null,"Gtin":null,"Mpn":null,"BrandName":"","IsFreeShipping":false,"ShowSku":false,"ShowQty":false,"LowStock":false,"EndTime":null,"EndTimeLocalTime":null,"TaxDisplayType":0,"Interval":0,"IntervalUnitId":0,"ProductPrice":{"OldPrice":"\u20AC260,00","OldPriceValue":260,"CatalogPrice":null,"Price":"\u20AC248,22","CallForPrice":false,"PriceValue":248.22,"PriceIncludesTax":false,"StartPrice":null,"StartPriceValue":0,"HighestBid":null,"HighestBidValue":0,"BasePricePAngV":null,"DisableBuyButton":false,"DisableWishlistButton":false,"DisableAddToCompareListButton":false,"AvailableForPreOrder":false,"PreOrderDateTimeUtc":null,"ForceRedirectionAfterAddingToCart":false,"AppliedDiscounts":[],"PreferredTierPrice":null,"UserFields":[]},"DefaultPictureModel":{"ImageUrl":"/assets/images/thumbs/67603bc5e85a164d702f374f_handsteuerung-fr-carello-badelift_415.jpeg","ThumbImageUrl":null,"FullSizeImageUrl":"/assets/images/thumbs/67603bc5e85a164d702f374f_handsteuerung-fr-carello-badelift.jpeg","Title":"Handsteuerung f\u00FCr Carello Badelift","AlternateText":"Handsteuerung f\u00FCr Carello Badelift","Style":null,"ExtraField":null,"Id":"67603bc5e85a164d702f374f","UserFields":[]},"SecondPictureModel":{"ImageUrl":null,"ThumbImageUrl":null,"FullSizeImageUrl":null,"Title":null,"AlternateText":null,"Style":null,"ExtraField":null,"Id":null,"UserFields":[]},"SpecificationAttributeModels":[],"ProductAttributeModels":[],"ReviewOverviewModel":{"ProductId":"674ec603e85a164d702cdf73","RatingSum":0,"TotalReviews":0,"AvgRating":0,"AllowCustomerReviews":true,"UserFields":[]},"Id":"674ec603e85a164d702cdf73","UserFields":[]},{"Name":"Badekissen Saugnapf Set","ShortDescription":"4 St\u00FCck Saugn\u00E4pfe f\u00FCr Carello Badekissen","FullDescription":null,"SeName":"badekissen-saugnapf-set","Url":"/badekissen-saugnapf-set","ProductType":0,"MarkAsNew":false,"Sku":null,"Flag":null,"Gtin":null,"Mpn":null,"BrandName":"","IsFreeShipping":false,"ShowSku":false,"ShowQty":false,"LowStock":false,"EndTime":null,"EndTimeLocalTime":null,"TaxDisplayType":0,"Interval":0,"IntervalUnitId":0,"ProductPrice":{"OldPrice":null,"OldPriceValue":0,"CatalogPrice":null,"Price":"\u20AC116,48","CallForPrice":false,"PriceValue":116.48,"PriceIncludesTax":false,"StartPrice":null,"StartPriceValue":0,"HighestBid":null,"HighestBidValue":0,"BasePricePAngV":null,"DisableBuyButton":false,"DisableWishlistButton":false,"DisableAddToCompareListButton":false,"AvailableForPreOrder":false,"PreOrderDateTimeUtc":null,"ForceRedirectionAfterAddingToCart":false,"AppliedDiscounts":[],"PreferredTierPrice":null,"UserFields":[]},"DefaultPictureModel":{"ImageUrl":"/assets/images/thumbs/67f63ffc2062d0f645f09224_badekissen-saugnapf-set_415.png","ThumbImageUrl":null,"FullSizeImageUrl":"/assets/images/thumbs/67f63ffc2062d0f645f09224_badekissen-saugnapf-set.png","Title":"Badekissen Saugnapf Set","AlternateText":"Badekissen Saugnapf Set","Style":null,"ExtraField":null,"Id":"67f63ffc2062d0f645f09224","UserFields":[]},"SecondPictureModel":{"ImageUrl":null,"ThumbImageUrl":null,"FullSizeImageUrl":null,"Title":null,"AlternateText":null,"Style":null,"ExtraField":null,"Id":null,"UserFields":[]},"SpecificationAttributeModels":[],"ProductAttributeModels":[],"ReviewOverviewModel":{"ProductId":"67f63ff22062d0f645f09154","RatingSum":0,"TotalReviews":0,"AvgRating":0,"AllowCustomerReviews":true,"UserFields":[]},"Id":"67f63ff22062d0f645f09154","UserFields":[]}],"Id":"671795df2e61f74220835a05","UserFields":[]}