{"ParentCategoryId":"","Name":"Badehilfen","Description":null,"BottomDescription":null,"MetaKeywords":"Badehilfe, Badband, Juwel, Band zum baden, Badekissen, Mangar, Badelift, Badehilfe Senioren, Dietz, Kanjo,","MetaDescription":"\u0022Bequem \u0026 sicher baden: Unser Badeband \u0026 Kissen f\u00FCr Senioren sorgen f\u00FCr optimalen Halt und Komfort in der Badewanne. Jetzt entdecken!\u0022\r\n\u0022Entspannung im Bad: Ergonomisches Badeband \u0026 weiches Kissen f\u00FCr Senioren \u2013 mehr Komfort \u0026 Sicherheit beim Baden. Jetzt ansehen!\u0022\r\n\u0022Sicheres \u0026 entspanntes Baden f\u00FCr Senioren: Entdecken Sie unser Badeband \u0026 Kissen f\u00FCr mehr Halt, Komfort \u0026 Wohlbefinden in der Wanne!\u0022","MetaTitle":"Sicher \u0026 bequem baden \u2013 Badeband \u0026 Badekissen f\u00FCr Senioren","SeName":"badehilfen","Flag":null,"FlagStyle":null,"Icon":null,"PictureModel":{"ImageUrl":null,"ThumbImageUrl":null,"FullSizeImageUrl":null,"Title":null,"AlternateText":null,"Style":null,"ExtraField":null,"Id":null,"UserFields":[]},"PagingFilteringContext":{"SpecificationFilter":{"Enabled":false,"AlreadyFilteredItems":[],"NotFilteredItems":[],"RemoveFilterUrl":null,"UserFields":[]},"AllowProductSorting":true,"AvailableSortOptions":[{"Disabled":false,"Group":null,"Selected":true,"Text":"Position","Value":"/badehilfen?orderby=0"},{"Disabled":false,"Group":null,"Selected":false,"Text":"Name: A to Z","Value":"/badehilfen?orderby=5"},{"Disabled":false,"Group":null,"Selected":false,"Text":"Name: Z to A","Value":"/badehilfen?orderby=6"},{"Disabled":false,"Group":null,"Selected":false,"Text":"Price: Low to High","Value":"/badehilfen?orderby=10"},{"Disabled":false,"Group":null,"Selected":false,"Text":"Price: High to Low","Value":"/badehilfen?orderby=11"},{"Disabled":false,"Group":null,"Selected":false,"Text":"Created on","Value":"/badehilfen?orderby=15"},{"Disabled":false,"Group":null,"Selected":false,"Text":"Best Sellers","Value":"/badehilfen?orderby=20"},{"Disabled":false,"Group":null,"Selected":false,"Text":"Most Viewed","Value":"/badehilfen?orderby=25"},{"Disabled":false,"Group":null,"Selected":false,"Text":"On Sale","Value":"/badehilfen?orderby=30"},{"Disabled":false,"Group":null,"Selected":false,"Text":"Rating","Value":"/badehilfen?orderby=40"}],"AllowProductViewModeChanging":true,"AvailableViewModes":[{"Disabled":false,"Group":null,"Selected":true,"Text":"Tabelle","Value":"/badehilfen?viewmode=grid"},{"Disabled":false,"Group":null,"Selected":false,"Text":"Liste","Value":"/badehilfen?viewmode=list"}],"AllowCustomersToSelectPageSize":true,"PageSizeOptions":[{"Disabled":false,"Group":null,"Selected":true,"Text":"12","Value":"/badehilfen?pagesize=12"}],"OrderBy":0,"Rating":null,"RatingOptions":[],"ViewMode":"grid","FirstItem":1,"HasNextPage":false,"HasPreviousPage":false,"LastItem":3,"PageIndex":0,"PageNumber":1,"PageSize":12,"TotalItems":3,"TotalPages":1},"DisplayCategoryBreadcrumb":true,"CategoryBreadcrumb":[{"ParentCategoryId":null,"Name":"Badehilfen","Description":null,"BottomDescription":null,"MetaKeywords":null,"MetaDescription":null,"MetaTitle":null,"SeName":"badehilfen","Flag":null,"FlagStyle":null,"Icon":null,"PictureModel":{"ImageUrl":null,"ThumbImageUrl":null,"FullSizeImageUrl":null,"Title":null,"AlternateText":null,"Style":null,"ExtraField":null,"Id":null,"UserFields":[]},"PagingFilteringContext":{"SpecificationFilter":{"Enabled":false,"AlreadyFilteredItems":[],"NotFilteredItems":[],"RemoveFilterUrl":null,"UserFields":[]},"AllowProductSorting":false,"AvailableSortOptions":[],"AllowProductViewModeChanging":false,"AvailableViewModes":[],"AllowCustomersToSelectPageSize":false,"PageSizeOptions":[],"OrderBy":null,"Rating":null,"RatingOptions":[],"ViewMode":null,"FirstItem":0,"HasNextPage":false,"HasPreviousPage":false,"LastItem":0,"PageIndex":0,"PageNumber":0,"PageSize":0,"TotalItems":0,"TotalPages":0},"DisplayCategoryBreadcrumb":false,"CategoryBreadcrumb":[],"SubCategories":[],"FeaturedProducts":[],"Products":[],"Id":"63036edb8f5df9be8ea84acb","UserFields":[]}],"SubCategories":[],"FeaturedProducts":[],"Products":[{"Name":"Carello Badekissen","ShortDescription":"Einfach zu befestigen, rutschfest und leicht zu reinigen \u2013 f\u00FCr ein unbeschwertes Badeerlebnis","FullDescription":"\r\n    \r\n    \r\n    \r\n    \r\n    \r\n    \u003Ch1 style=\u0022text-align: center; \u0022\u003E\u003Cfont color=\u0022#17a2b8\u0022\u003ECarello Badekissen\u003C/font\u003E\u003C/h1\u003E\u003Cp style=\u0022text-align: center; \u0022\u003ENichts ist wichtiger als Ihre Sicherheit. Deshalb entspricht das Badekissen Premium h\u00F6chstem Standard. Zudem ist die Handhabung dieser Badehilfe sehr einfach.\u003C/p\u003E\u003Cp style=\u0022text-align: center; \u0022\u003EMit der Handbedienung wird das Badekissen in der Badewanne bis auf die H\u00F6he des Wannenrandes aufgeblasen. Auf Knopfdruck entweicht langsam die Luft, so dass Sie sanft ins Wasser gleiten. Nach dem Bad str\u00F6mt auf Knopfdruck wieder Luft in das Badekissen und Sie werden zum Badewannenrand hochgehoben.\u003C/p\u003E\u003Cp style=\u0022text-align: center;\u0022\u003EEine kleine, kompakte Bedieneinheit am Kompressor, zeigt Ihnen den Ladezustand des Akkus und erm\u00F6glicht das Aufblasen und Ablassen der Luft vor und nach dem Baden.\u003C/p\u003E\u003Cp style=\u0022text-align: center;\u0022\u003E\u003Cspan style=\u0022color: rgb(23, 162, 184); font-size: 24px;\u0022\u003E\u003Cbr\u003E\u003C/span\u003E\u003C/p\u003E\u003Cp style=\u0022text-align: center;\u0022\u003E\u003Cspan style=\u0022color: rgb(23, 162, 184); font-size: 24px;\u0022\u003EIhre Vorteile Punkt f\u00FCr Punkt:\u003C/span\u003E\u003C/p\u003E\u003Cp style=\u0022text-align: center;\u0022\u003EKeine Montage n\u00F6tig\u003C/p\u003E\u003Cp style=\u0022text-align: center;\u0022\u003ENeueste Entwicklung\u003C/p\u003E\u003Cp style=\u0022text-align: center;\u0022\u003EAkku- und Netzbetrieb (Netzstecker nicht im Lieferumfang enthalten)\u003C/p\u003E\u003Cp style=\u0022text-align: center;\u0022\u003ET\u00DCV-gepr\u00FCft\u003C/p\u003E\u003Cp style=\u0022text-align: center;\u0022\u003EPasst praktisch in jede Badewanne, auch in Eckbadewannen\u003C/p\u003E\u003Cp style=\u0022text-align: center;\u0022\u003EEinfache Bedienung\u003C/p\u003E\u003Cp style=\u0022text-align: center;\u0022\u003EAbsenkbar bis auf den Wannenboden\u003C/p\u003E\u003Cp style=\u0022text-align: center;\u0022\u003EKein Gestell in der Badewanne\u003C/p\u003E\u003Cp style=\u0022text-align: center;\u0022\u003E\u003Cbr\u003E\u003C/p\u003E\u003Ch2 style=\u0022box-sizing: content-box; margin-top: 10px; margin-bottom: 10px; font-weight: 400; line-height: 1.2; font-size: 24px; outline: 0px; color: rgb(68, 68, 68); font-family: -apple-system, BlinkMacSystemFont, \u0026quot;Segoe UI\u0026quot;, Roboto, \u0026quot;Helvetica Neue\u0026quot;, Arial, \u0026quot;Noto Sans\u0026quot;, sans-serif, \u0026quot;Apple Color Emoji\u0026quot;, \u0026quot;Segoe UI Emoji\u0026quot;, \u0026quot;Segoe UI Symbol\u0026quot;, \u0026quot;Noto Color Emoji\u0026quot;; font-style: normal; font-variant-ligatures: normal; font-variant-caps: normal; letter-spacing: normal; orphans: 2; text-indent: 0px; text-transform: none; widows: 2; word-spacing: 0px; -webkit-text-stroke-width: 0px; white-space: normal; background-color: rgb(255, 255, 255); text-decoration-thickness: initial; text-decoration-style: initial; text-decoration-color: initial; text-align: center;\u0022\u003E\u003Cfont color=\u0022#17a2b8\u0022 style=\u0022box-sizing: content-box; outline: 0px;\u0022\u003EDetails:\u003C/font\u003E\u003C/h2\u003E\u003Ch2 style=\u0022text-align: center; \u0022\u003E\u003Cfont color=\u0022#17a2b8\u0022\u003E\u003C/font\u003E\u003C/h2\u003E\u003Cp style=\u0022text-align: center;\u0022\u003ESitzh\u00F6he: ca. 0,5 bis 40 cm\u003C/p\u003E\u003Cp style=\u0022text-align: center;\u0022\u003ESitzbreite: ca. 58 cm\u003C/p\u003E\u003Cp style=\u0022text-align: center;\u0022\u003ESitztiefe: ca. 44 cm\u003C/p\u003E\u003Cp style=\u0022text-align: center;\u0022\u003EMax. Benutzergewicht 150 KG\u003C/p\u003E\u003Cp style=\u0022text-align: center;\u0022\u003EFarbe DUNKELBLAU\u003C/p\u003E\u003Cp style=\u0022text-align: center;\u0022\u003EKissen Gewicht: 2 KG\u003C/p\u003E\u003Cp style=\u0022text-align: center;\u0022\u003EL\u00E4nge Luftschlauch: ca. 1,8 m\u003C/p\u003E\u003Cp style=\u0022text-align: center;\u0022\u003ESaugn\u00E4pfe Durchmesser: ca. 11 cm\u003C/p\u003E\u003Cp style=\u0022text-align: center;\u0022\u003EMax. Temperatur: 50\u00B0 C\u003C/p\u003E\u003Cdiv style=\u0022text-align: center; \u0022\u003E\u003Cbr\u003E\u003C/div\u003E\u003Cdiv style=\u0022text-align: center; \u0022\u003E\u003Cbr\u003E\u003C/div\u003E\r\n\r\n\r\n\r\n\r\n\r\n","SeName":"carello-badekissen","Url":"/carello-badekissen","ProductType":0,"MarkAsNew":true,"Sku":null,"Flag":null,"Gtin":null,"Mpn":null,"BrandName":"","IsFreeShipping":false,"ShowSku":false,"ShowQty":false,"LowStock":false,"EndTime":null,"EndTimeLocalTime":null,"TaxDisplayType":0,"Interval":0,"IntervalUnitId":0,"ProductPrice":{"OldPrice":"\u20AC1699,00","OldPriceValue":1699,"CatalogPrice":null,"Price":"\u20AC999,00","CallForPrice":false,"PriceValue":999,"PriceIncludesTax":false,"StartPrice":null,"StartPriceValue":0,"HighestBid":null,"HighestBidValue":0,"BasePricePAngV":null,"DisableBuyButton":false,"DisableWishlistButton":false,"DisableAddToCompareListButton":false,"AvailableForPreOrder":false,"PreOrderDateTimeUtc":null,"ForceRedirectionAfterAddingToCart":false,"AppliedDiscounts":[],"PreferredTierPrice":null,"UserFields":[]},"DefaultPictureModel":{"ImageUrl":"/assets/images/thumbs/667c05a2d2226f7b872fb381_carello-badekissen_415.jpeg","ThumbImageUrl":null,"FullSizeImageUrl":"/assets/images/thumbs/667c05a2d2226f7b872fb381_carello-badekissen.jpeg","Title":"Carello Badekissen","AlternateText":"Carello Badekissen","Style":null,"ExtraField":null,"Id":"667c05a2d2226f7b872fb381","UserFields":[]},"SecondPictureModel":{"ImageUrl":"/assets/images/thumbs/667c05b5d2226f7b872fb390_carello-badekissen_415.jpeg","ThumbImageUrl":null,"FullSizeImageUrl":"/assets/images/thumbs/667c05b5d2226f7b872fb390_carello-badekissen.jpeg","Title":"Carello Badekissen","AlternateText":"Carello Badekissen","Style":null,"ExtraField":null,"Id":"667c05b5d2226f7b872fb390","UserFields":[]},"SpecificationAttributeModels":[],"ProductAttributeModels":[],"ReviewOverviewModel":{"ProductId":"62f34c438f5df9be8e8cf571","RatingSum":5,"TotalReviews":1,"AvgRating":5,"AllowCustomerReviews":true,"UserFields":[]},"Id":"62f34c438f5df9be8e8cf571","UserFields":[]},{"Name":"Carello Badeband","ShortDescription":"Einfach zu bedienen, sicher und komfortabel \u2013 f\u00FCr ein sorgenfreies Badeerlebnis","FullDescription":"\r\n    \r\n    \r\n    \r\n    \r\n    \u003Ch1 style=\u0022text-align: center; \u0022\u003E\u003Cspan style=\u0022font-family: \u0026quot;Segoe UI\u0026quot;;\u0022\u003E\u003Cfont color=\u0022#17a2b8\u0022\u003ECarello Badeband\u003C/font\u003E\u003C/span\u003E\u003C/h1\u003E\u003Cp style=\u0022text-align: center; \u0022\u003E\u003Cbr\u003E\u003C/p\u003E\u003Cp style=\u0022text-align: center;\u0022\u003E\u003Cspan style=\u0022font-family: \u0026quot;Segoe UI\u0026quot;;\u0022\u003EDas Badeband ist ein innovatives Hilfsmittel, das speziell daf\u00FCr entwickelt wurde, Menschen mit eingeschr\u00E4nkter Mobilit\u00E4t oder besonderen Bed\u00FCrfnissen zu unterst\u00FCtzen, sicher und komfortabel in die Badewanne zu gelangen.\u003C/span\u003E\u003C/p\u003E\u003Cp style=\u0022text-align: center;\u0022\u003E\u003Cspan style=\u0022font-family: \u0026quot;Segoe UI\u0026quot;;\u0022\u003EPer Knopfdruck wird das Badeband bedient, wodurch sich der Benutzer sanft und kontrolliert ins Wasser absenkt.\u003C/span\u003E\u003C/p\u003E\u003Cp style=\u0022text-align: center;\u0022\u003E\u003Cspan style=\u0022font-family: \u0026quot;Segoe UI\u0026quot;;\u0022\u003ENach dem Bad hebt das Badeband den Benutzer wieder aus dem Wasser heraus, bis er sich in einer aufrechten Position befindet und die Wanne sicher verlassen kann.\u003C/span\u003E\u003C/p\u003E\u003Cp style=\u0022text-align: center;\u0022\u003E\u003Cspan style=\u0022font-family: \u0026quot;Segoe UI\u0026quot;;\u0022\u003EDas Badeband besteht aus strapazierf\u00E4higem, wasserabweisendem Material, das sowohl robust als auch komfortabel ist. Es bietet eine rutschfeste Oberfl\u00E4che, die zus\u00E4tzliche Sicherheit bietet.\u003C/span\u003E\u003C/p\u003E\u003Cp style=\u0022text-align: center; \u0022\u003E\u003Cspan style=\u0022font-family: \u0026quot;Segoe UI\u0026quot;;\u0022\u003E\u0026nbsp;\u003C/span\u003E\u003C/p\u003E\u003Ch2 style=\u0022text-align: center; \u0022\u003E\u003Cspan style=\u0022font-family: \u0026quot;Segoe UI\u0026quot;;\u0022\u003E\u003Cfont color=\u0022#17a2b8\u0022\u003ESichere Akku-Stromversorgung:\u003C/font\u003E\u003C/span\u003E\u003C/h2\u003E\u003Cp style=\u0022text-align: center;\u0022\u003E\u003Cspan style=\u0022font-family: \u0026quot;Segoe UI\u0026quot;;\u0022\u003EDer Akkupack erlaubt Ihnen bis zu 20 Wanneng\u00E4nge.\u003C/span\u003E\u003C/p\u003E\u003Cp style=\u0022text-align: center;\u0022\u003E\u003Cspan style=\u0022font-family: \u0026quot;Segoe UI\u0026quot;;\u0022\u003EMan kann ihn direkt am Badelift oder durch Herausziehen au\u00DFerhalb aufladen.\u003C/span\u003E\u003C/p\u003E\u003Cp style=\u0022text-align: center;\u0022\u003E\u003Cspan style=\u0022font-family: \u0026quot;Segoe UI\u0026quot;;\u0022\u003E\u003Cbr\u003E\u003C/span\u003E\u003C/p\u003E\u003Ch2 style=\u0022text-align: center;\u0022\u003E\u003Cspan style=\u0022font-family: \u0026quot;Segoe UI\u0026quot;;\u0022\u003E\u003Cfont color=\u0022#17a2b8\u0022\u003EDas bequeme Sitzband:\u003C/font\u003E\u003C/span\u003E\u003C/h2\u003E\u003Cp style=\u0022text-align: center;\u0022\u003E\u003Cfont face=\u0022Segoe UI\u0022\u003Eaus k\u00F6rperfreundlichem Gewebe\u003C/font\u003E\u003C/p\u003E\u003Cp style=\u0022text-align: center;\u0022\u003E\u003Cfont face=\u0022Segoe UI\u0022\u003Etemperaturbest\u00E4ndig\u003C/font\u003E\u003C/p\u003E\u003Cp style=\u0022text-align: center;\u0022\u003E\u003Cfont face=\u0022Segoe UI\u0022\u003Efarbecht\u003C/font\u003E\u003C/p\u003E\u003Cp style=\u0022text-align: center;\u0022\u003E\u003Cfont face=\u0022Segoe UI\u0022\u003Eantibakteriell\u003C/font\u003E\u003C/p\u003E\u003Cp style=\u0022text-align: center;\u0022\u003E\u003Cfont face=\u0022Segoe UI\u0022\u003Eohne Schwermetalle\u003C/font\u003E\u003C/p\u003E\u003Cp style=\u0022text-align: center;\u0022\u003E\u003Cfont face=\u0022Segoe UI\u0022\u003Eohne Formaldehyd\u003C/font\u003E\u003C/p\u003E\u003Cp style=\u0022text-align: center;\u0022\u003E\u003Cfont face=\u0022Segoe UI\u0022\u003Ef\u00FCr Allergiker geeignet\u003C/font\u003E\u003C/p\u003E\u003Cp style=\u0022text-align: center;\u0022\u003E\u003Cfont face=\u0022Segoe UI\u0022\u003EDie Wasser- und Badezusatzaufnahme liegt bei unter 0,05%\u003C/font\u003E\u003C/p\u003E\u003Cp style=\u0022text-align: center;\u0022\u003E\u003Cfont face=\u0022Segoe UI\u0022\u003EFarbe: schwarz\u003C/font\u003E\u003C/p\u003E\u003Cp style=\u0022text-align: center;\u0022\u003E\u003Cfont face=\u0022Segoe UI\u0022\u003EBreite: 53 cm\u003C/font\u003E\u003C/p\u003E\u003Cp style=\u0022text-align: center;\u0022\u003E\u003Cfont face=\u0022Segoe UI\u0022\u003EH\u00F6he: 23 cm\u003C/font\u003E\u003C/p\u003E\u003Cp style=\u0022text-align: center;\u0022\u003E\u003Cfont face=\u0022Segoe UI\u0022\u003ETiefe: 10,5 cm\u003C/font\u003E\u003C/p\u003E\u003Cp style=\u0022text-align: center;\u0022\u003E\u003Cfont face=\u0022Segoe UI\u0022\u003ESitzbandbreite: 33 cm\u003C/font\u003E\u003C/p\u003E\u003Cp style=\u0022text-align: center;\u0022\u003E\u003Cspan style=\u0022font-family: \u0026quot;Segoe UI\u0026quot;;\u0022\u003ETragkraft: 150 kg\u003C/span\u003E\u003C/p\u003E\r\n\r\n\r\n\r\n\r\n","SeName":"carello-badeband","Url":"/carello-badeband","ProductType":0,"MarkAsNew":true,"Sku":null,"Flag":null,"Gtin":null,"Mpn":null,"BrandName":"","IsFreeShipping":false,"ShowSku":false,"ShowQty":false,"LowStock":false,"EndTime":null,"EndTimeLocalTime":null,"TaxDisplayType":0,"Interval":0,"IntervalUnitId":0,"ProductPrice":{"OldPrice":"\u20AC2990,00","OldPriceValue":2990,"CatalogPrice":null,"Price":"\u20AC1990,00","CallForPrice":false,"PriceValue":1990,"PriceIncludesTax":false,"StartPrice":null,"StartPriceValue":0,"HighestBid":null,"HighestBidValue":0,"BasePricePAngV":null,"DisableBuyButton":false,"DisableWishlistButton":false,"DisableAddToCompareListButton":false,"AvailableForPreOrder":false,"PreOrderDateTimeUtc":null,"ForceRedirectionAfterAddingToCart":false,"AppliedDiscounts":[],"PreferredTierPrice":null,"UserFields":[]},"DefaultPictureModel":{"ImageUrl":"/assets/images/thumbs/66a8b9eba51cd5f7b7122751_carello-badeband_415.jpeg","ThumbImageUrl":null,"FullSizeImageUrl":"/assets/images/thumbs/66a8b9eba51cd5f7b7122751_carello-badeband.jpeg","Title":"Carello Badeband","AlternateText":"Carello Badeband","Style":null,"ExtraField":null,"Id":"66a8b9eba51cd5f7b7122751","UserFields":[]},"SecondPictureModel":{"ImageUrl":"/assets/images/thumbs/66a88dcba51cd5f7b711fcb5_carello-badeband_415.jpeg","ThumbImageUrl":null,"FullSizeImageUrl":"/assets/images/thumbs/66a88dcba51cd5f7b711fcb5_carello-badeband.jpeg","Title":"Carello Badeband","AlternateText":"Carello Badeband","Style":null,"ExtraField":null,"Id":"66a88dcba51cd5f7b711fcb5","UserFields":[]},"SpecificationAttributeModels":[],"ProductAttributeModels":[],"ReviewOverviewModel":{"ProductId":"667c13fad2226f7b872fdce8","RatingSum":0,"TotalReviews":0,"AvgRating":0,"AllowCustomerReviews":true,"UserFields":[]},"Id":"667c13fad2226f7b872fdce8","UserFields":[]},{"Name":"Carello Badelift","ShortDescription":"5 Jahre Garantie","FullDescription":"\r\n    \u003Ch1 style=\u0022text-align: center;\u0022\u003E\u003Cfont color=\u0022#17a2b8\u0022\u003ECarello Badelift\u003C/font\u003E\u003C/h1\u003E\u003Cp style=\u0022text-align: center;\u0022\u003E\u003Cbr\u003E\u003C/p\u003E\u003Cp style=\u0022text-align: center;\u0022\u003EUnser Carello-Badewannenlift in Stuhlform ist besonders geeignet f\u00FCr k\u00F6rperlich beeintr\u00E4chtigte Menschen, die nicht aus eigener Kraft in eine oder aus einer Ba\u00ADde\u00ADwanne steigen k\u00F6nnen. Der Badewannenlift vollbringt ei\u00ADne Hubbewegung zwischen Badewannenrand und Badewannenboden. Der Badewannenlift befestigt sich mittels Saugn\u00E4pfe am Wannenboden von selbst. Die Sitzfl\u00E4che wird mit Hilfe der Handbedienung (Rauf oder Runter) in die gew\u00FCnschte Badewannenh\u00F6he (Badewannenrand) bzw. Badewannentiefe (Wannenboden) gefahren. Die R\u00FCckenlehne senkt sich am Badewannenboden zur\u00FCck, sodass Sie bequem ein Bad nehmen k\u00F6nnen.\u003C/p\u003E\u003Cp style=\u0022text-align: center;\u0022\u003E\u003Cbr\u003E\u003C/p\u003E\u003Ch2 style=\u0022text-align: center;\u0022\u003E\u003Cfont color=\u0022#17a2b8\u0022\u003EDie ganz besonderen Pluspunkte:\u003C/font\u003E\u003C/h2\u003E\u003Cp style=\u0022text-align: center;\u0022\u003E\u003Cbr\u003E\u003C/p\u003E\u003Cul\u003E\u003Cli style=\u0022text-align: center; \u0022\u003EH\u00F6chste Sicherheitsstandards\u003C/li\u003E\u003Cli style=\u0022text-align: center;\u0022\u003EEntwickelt mit dem Fraunhofer Institut f\u00FCr Chemische Technologie ICT in Deutschland\u003C/li\u003E\u003Cli style=\u0022text-align: center;\u0022\u003EAntibakteriell durch besondere Oberfl\u00E4chenmaterialstruktur\u003C/li\u003E\u003Cli style=\u0022text-align: center;\u0022\u003ESilber-Ionen t\u00F6ten bei Kontakt mit Wasser 99,9 Prozent aller herk\u00F6mmlichen Keime und Erreger ab.\u003C/li\u003E\u003Cli style=\u0022text-align: center;\u0022\u003EGeeignet f\u00FCr jede herk\u00F6mmliche Badewanne\u003C/li\u003E\u003Cli style=\u0022text-align: center;\u0022\u003EStufenloses Heben und Senken auf Knopfdruck\u003C/li\u003E\u003Cli style=\u0022text-align: center;\u0022\u003ER\u00FCckenlehne absenkbar bis 40\u00B0\u003C/li\u003E\u003Cli style=\u0022text-align: center;\u0022\u003EBeugt Infektionen, Geruchsbildung und Verf\u00E4rbungen selbst vor (d.h. es k\u00F6nnen hier s\u00E4mtliche Badezus\u00E4tze verwendet werden \u2013 kein R\u00FCckstand am Badelift)\u003C/li\u003E\u003Cli style=\u0022text-align: center;\u0022\u003EWasserabweisend und leicht zu reinigen durch den sogenannten Lotus-Effekt, dadurch perlen Schmutzpartikel mit dem Wasser einfach ab\u003C/li\u003E\u003Cli style=\u0022text-align: center;\u0022\u003EGro\u00DFe Handsteuerung\u003C/li\u003E\u003Cli style=\u0022text-align: center;\u0022\u003ESchnellladetechnologie\u003C/li\u003E\u003Cli style=\u0022text-align: center;\u0022\u003EZerlegbar in 2 Hauptbestandteile (d.h. kann auch \u00FCberall mittransportiert werden\u003C/li\u003E\u003C/ul\u003E\u003Cp style=\u0022text-align: center;\u0022\u003E\u003Cbr\u003E\u003C/p\u003E\u003Ch3 style=\u0022text-align: center;\u0022\u003E\u003Cfont color=\u0022#17a2b8\u0022\u003EFarbe:\u003C/font\u003E\u003C/h3\u003E\u003Cp style=\u0022text-align: center;\u0022\u003EBadewannenlifter: wei\u00DF\u003C/p\u003E\u003Cp style=\u0022text-align: center;\u0022\u003EBezug: aquamarin, antibakteriell\u003C/p\u003E\u003Cp style=\u0022text-align: center;\u0022\u003E\u003Cbr\u003E\u003C/p\u003E\u003Ch3 style=\u0022text-align: center;\u0022\u003E\u003Cfont color=\u0022#17a2b8\u0022\u003EMa\u00DFe:\u003C/font\u003E\u003C/h3\u003E\u003Cp style=\u0022text-align: center;\u0022\u003ESitzbreite (ohne / mit Seitenklappen): 37,5 / 71 cm\u003C/p\u003E\u003Cp style=\u0022text-align: center;\u0022\u003ESitztiefe: 50 cm\u003C/p\u003E\u003Cp style=\u0022text-align: center;\u0022\u003ESitzh\u00F6he: 6,5-45,5 cm\u003C/p\u003E\u003Cp style=\u0022text-align: center;\u0022\u003EGesamth\u00F6he: 110,5 cm\u003C/p\u003E\u003Cp style=\u0022text-align: center;\u0022\u003EMax. Belastbarkeit: 140 kg\u003C/p\u003E\u003Cp style=\u0022text-align: center;\u0022\u003EGewicht: 10,9 kg\u003C/p\u003E\u003Cp style=\u0022text-align: center;\u0022\u003ER\u00FCckenlehne (B x H): 35 x 68 cm\u003C/p\u003E\u003Cp style=\u0022text-align: center;\u0022\u003EGesamttiefe, R\u00FCckenlehne aufrecht: 69 cm\u003C/p\u003E\u003Cp style=\u0022text-align: center;\u0022\u003EGesamttiefe, R\u00FCckenlehne abgesenkt: 90 cm\u003C/p\u003E\r\n","SeName":"carello-badelift","Url":"/carello-badelift","ProductType":0,"MarkAsNew":true,"Sku":null,"Flag":null,"Gtin":null,"Mpn":null,"BrandName":"","IsFreeShipping":false,"ShowSku":false,"ShowQty":false,"LowStock":false,"EndTime":null,"EndTimeLocalTime":null,"TaxDisplayType":0,"Interval":0,"IntervalUnitId":0,"ProductPrice":{"OldPrice":"\u20AC799,00","OldPriceValue":799,"CatalogPrice":null,"Price":"\u20AC590,00","CallForPrice":false,"PriceValue":590,"PriceIncludesTax":false,"StartPrice":null,"StartPriceValue":0,"HighestBid":null,"HighestBidValue":0,"BasePricePAngV":null,"DisableBuyButton":false,"DisableWishlistButton":false,"DisableAddToCompareListButton":false,"AvailableForPreOrder":false,"PreOrderDateTimeUtc":null,"ForceRedirectionAfterAddingToCart":false,"AppliedDiscounts":[],"PreferredTierPrice":null,"UserFields":[]},"DefaultPictureModel":{"ImageUrl":"/assets/images/thumbs/66a73345a51cd5f7b70c5bfb_carello-badelift_415.jpeg","ThumbImageUrl":null,"FullSizeImageUrl":"/assets/images/thumbs/66a73345a51cd5f7b70c5bfb_carello-badelift.jpeg","Title":"Carello Badelift","AlternateText":"Carello Badelift","Style":null,"ExtraField":null,"Id":"66a73345a51cd5f7b70c5bfb","UserFields":[]},"SecondPictureModel":{"ImageUrl":"/assets/images/thumbs/671a16dc2e61f7422083f0a0_carello-badelift_415.png","ThumbImageUrl":null,"FullSizeImageUrl":"/assets/images/thumbs/671a16dc2e61f7422083f0a0_carello-badelift.png","Title":"Carello Badelift","AlternateText":"Carello Badelift","Style":null,"ExtraField":null,"Id":"671a16dc2e61f7422083f0a0","UserFields":[]},"SpecificationAttributeModels":[],"ProductAttributeModels":[],"ReviewOverviewModel":{"ProductId":"66a732afa51cd5f7b70c5a8d","RatingSum":0,"TotalReviews":0,"AvgRating":0,"AllowCustomerReviews":true,"UserFields":[]},"Id":"66a732afa51cd5f7b70c5a8d","UserFields":[]}],"Id":"63036edb8f5df9be8ea84acb","UserFields":[]}